
{"id":1319,"date":"2023-10-12T08:07:39","date_gmt":"2023-10-12T06:07:39","guid":{"rendered":"https:\/\/advocatesforanimals.ch\/advocate\/advocate\/allgemein\/my-odessa\/"},"modified":"2023-10-12T08:07:39","modified_gmt":"2023-10-12T06:07:39","slug":"my-odessa","status":"publish","type":"post","link":"https:\/\/advocatesforanimals.ch\/advocate\/advocate\/allgemein\/my-odessa\/","title":{"rendered":"My Odessa."},"content":{"rendered":"<div class=\"ap-custom-wrapper\"><\/div><!--ap-custom-wrapper-->","protected":false},"excerpt":{"rendered":"","protected":false},"author":1,"featured_media":0,"comment_status":"open","ping_status":"open","sticky":false,"template":"","format":"standard","meta":{"_jetpack_memberships_contains_paid_content":false,"footnotes":""},"categories":[1],"tags":[19],"class_list":["post-1319","post","type-post","status-publish","format-standard","hentry","category-allgemein","tag-my-odessa"],"yoast_head":"<!-- This site is optimized with the Yoast SEO plugin v27.4 - https:\/\/yoast.com\/product\/yoast-seo-wordpress\/ -->\n<title>My Odessa. &#8226; A4A Advocates<\/title>\n<meta name=\"description\" content=\"F\u00fcr alle, die sich mit uns f\u00fcr die Rechte der Tiere einsetzen wollen und f\u00fcr alle, die ihr Leben auf vegan umstellen wollen.\" \/>\n<meta name=\"robots\" content=\"index, follow, max-snippet:-1, max-image-preview:large, max-video-preview:-1\" \/>\n<link rel=\"canonical\" href=\"https:\/\/advocatesforanimals.ch\/advocate\/advocate\/allgemein\/my-odessa\/\" \/>\n<meta property=\"og:locale\" content=\"de_DE\" \/>\n<meta property=\"og:type\" content=\"article\" \/>\n<meta property=\"og:title\" content=\"My Odessa. &#8226; A4A Advocates\" \/>\n<meta property=\"og:description\" content=\"F\u00fcr alle, die sich mit uns f\u00fcr die Rechte der Tiere einsetzen wollen und f\u00fcr alle, die ihr Leben auf vegan umstellen wollen.\" \/>\n<meta property=\"og:url\" content=\"https:\/\/advocatesforanimals.ch\/advocate\/advocate\/allgemein\/my-odessa\/\" \/>\n<meta property=\"og:site_name\" content=\"A4A Advocates\" \/>\n<meta property=\"article:publisher\" content=\"https:\/\/www.facebook.com\/A4A-Advocates-for-Animals-112402250512475\" \/>\n<meta property=\"article:published_time\" content=\"2023-10-12T06:07:39+00:00\" \/>\n<meta name=\"author\" content=\"Mario Silvestri\" \/>\n<meta name=\"twitter:card\" content=\"summary_large_image\" \/>\n<meta name=\"twitter:label1\" content=\"Verfasst von\" \/>\n\t<meta name=\"twitter:data1\" content=\"Mario Silvestri\" \/>\n<script type=\"application\/ld+json\" class=\"yoast-schema-graph\">{\"@context\":\"https:\\\/\\\/schema.org\",\"@graph\":[{\"@type\":\"Article\",\"@id\":\"https:\\\/\\\/advocatesforanimals.ch\\\/advocate\\\/advocate\\\/allgemein\\\/my-odessa\\\/#article\",\"isPartOf\":{\"@id\":\"https:\\\/\\\/advocatesforanimals.ch\\\/advocate\\\/advocate\\\/allgemein\\\/my-odessa\\\/\"},\"author\":{\"name\":\"Mario Silvestri\",\"@id\":\"https:\\\/\\\/advocatesforanimals.ch\\\/advocate\\\/#\\\/schema\\\/person\\\/649061ffc075b9e5a4940f7a0bc450ee\"},\"headline\":\"My Odessa.\",\"datePublished\":\"2023-10-12T06:07:39+00:00\",\"mainEntityOfPage\":{\"@id\":\"https:\\\/\\\/advocatesforanimals.ch\\\/advocate\\\/advocate\\\/allgemein\\\/my-odessa\\\/\"},\"wordCount\":2,\"commentCount\":0,\"publisher\":{\"@id\":\"https:\\\/\\\/advocatesforanimals.ch\\\/advocate\\\/#organization\"},\"keywords\":[\"My Odessa.\"],\"inLanguage\":\"de\",\"potentialAction\":[{\"@type\":\"CommentAction\",\"name\":\"Comment\",\"target\":[\"https:\\\/\\\/advocatesforanimals.ch\\\/advocate\\\/advocate\\\/allgemein\\\/my-odessa\\\/#respond\"]}]},{\"@type\":\"WebPage\",\"@id\":\"https:\\\/\\\/advocatesforanimals.ch\\\/advocate\\\/advocate\\\/allgemein\\\/my-odessa\\\/\",\"url\":\"https:\\\/\\\/advocatesforanimals.ch\\\/advocate\\\/advocate\\\/allgemein\\\/my-odessa\\\/\",\"name\":\"My Odessa. &#8226; A4A Advocates\",\"isPartOf\":{\"@id\":\"https:\\\/\\\/advocatesforanimals.ch\\\/advocate\\\/#website\"},\"datePublished\":\"2023-10-12T06:07:39+00:00\",\"description\":\"F\u00fcr alle, die sich mit uns f\u00fcr die Rechte der Tiere einsetzen wollen und f\u00fcr alle, die ihr Leben auf vegan umstellen wollen.\",\"inLanguage\":\"de\",\"potentialAction\":[{\"@type\":\"ReadAction\",\"target\":[\"https:\\\/\\\/advocatesforanimals.ch\\\/advocate\\\/advocate\\\/allgemein\\\/my-odessa\\\/\"]}]},{\"@type\":\"WebSite\",\"@id\":\"https:\\\/\\\/advocatesforanimals.ch\\\/advocate\\\/#website\",\"url\":\"https:\\\/\\\/advocatesforanimals.ch\\\/advocate\\\/\",\"name\":\"A4A Advocates\",\"description\":\"\",\"publisher\":{\"@id\":\"https:\\\/\\\/advocatesforanimals.ch\\\/advocate\\\/#organization\"},\"potentialAction\":[{\"@type\":\"SearchAction\",\"target\":{\"@type\":\"EntryPoint\",\"urlTemplate\":\"https:\\\/\\\/advocatesforanimals.ch\\\/advocate\\\/?s={search_term_string}\"},\"query-input\":{\"@type\":\"PropertyValueSpecification\",\"valueRequired\":true,\"valueName\":\"search_term_string\"}}],\"inLanguage\":\"de\"},{\"@type\":\"Organization\",\"@id\":\"https:\\\/\\\/advocatesforanimals.ch\\\/advocate\\\/#organization\",\"name\":\"ADVOCATES FOR ANIMALS\",\"url\":\"https:\\\/\\\/advocatesforanimals.ch\\\/advocate\\\/\",\"logo\":{\"@type\":\"ImageObject\",\"inLanguage\":\"de\",\"@id\":\"https:\\\/\\\/advocatesforanimals.ch\\\/advocate\\\/#\\\/schema\\\/logo\\\/image\\\/\",\"url\":\"https:\\\/\\\/advocatesforanimals.ch\\\/advocate\\\/wp-content\\\/uploads\\\/sites\\\/3\\\/2020\\\/08\\\/Visitenkarte-Vorderseite-1.jpg\",\"contentUrl\":\"https:\\\/\\\/advocatesforanimals.ch\\\/advocate\\\/wp-content\\\/uploads\\\/sites\\\/3\\\/2020\\\/08\\\/Visitenkarte-Vorderseite-1.jpg\",\"width\":1004,\"height\":650,\"caption\":\"ADVOCATES FOR ANIMALS\"},\"image\":{\"@id\":\"https:\\\/\\\/advocatesforanimals.ch\\\/advocate\\\/#\\\/schema\\\/logo\\\/image\\\/\"},\"sameAs\":[\"https:\\\/\\\/www.facebook.com\\\/A4A-Advocates-for-Animals-112402250512475\",\"https:\\\/\\\/www.instagram.com\\\/a4a_advocates_for_animals\\\/\"]},{\"@type\":\"Person\",\"@id\":\"https:\\\/\\\/advocatesforanimals.ch\\\/advocate\\\/#\\\/schema\\\/person\\\/649061ffc075b9e5a4940f7a0bc450ee\",\"name\":\"Mario Silvestri\",\"image\":{\"@type\":\"ImageObject\",\"inLanguage\":\"de\",\"@id\":\"https:\\\/\\\/secure.gravatar.com\\\/avatar\\\/58c72abb46d262a4846f578af34039b612efe33ce0c688c4030d3718504ab44c?s=96&d=mm&r=g\",\"url\":\"https:\\\/\\\/secure.gravatar.com\\\/avatar\\\/58c72abb46d262a4846f578af34039b612efe33ce0c688c4030d3718504ab44c?s=96&d=mm&r=g\",\"contentUrl\":\"https:\\\/\\\/secure.gravatar.com\\\/avatar\\\/58c72abb46d262a4846f578af34039b612efe33ce0c688c4030d3718504ab44c?s=96&d=mm&r=g\",\"caption\":\"Mario Silvestri\"},\"sameAs\":[\"https:\\\/\\\/advocatesforanimals.ch\"]}]}<\/script>\n<!-- \/ Yoast SEO plugin. -->","yoast_head_json":{"title":"My Odessa. &#8226; A4A Advocates","description":"F\u00fcr alle, die sich mit uns f\u00fcr die Rechte der Tiere einsetzen wollen und f\u00fcr alle, die ihr Leben auf vegan umstellen wollen.","robots":{"index":"index","follow":"follow","max-snippet":"max-snippet:-1","max-image-preview":"max-image-preview:large","max-video-preview":"max-video-preview:-1"},"canonical":"https:\/\/advocatesforanimals.ch\/advocate\/advocate\/allgemein\/my-odessa\/","og_locale":"de_DE","og_type":"article","og_title":"My Odessa. &#8226; A4A Advocates","og_description":"F\u00fcr alle, die sich mit uns f\u00fcr die Rechte der Tiere einsetzen wollen und f\u00fcr alle, die ihr Leben auf vegan umstellen wollen.","og_url":"https:\/\/advocatesforanimals.ch\/advocate\/advocate\/allgemein\/my-odessa\/","og_site_name":"A4A Advocates","article_publisher":"https:\/\/www.facebook.com\/A4A-Advocates-for-Animals-112402250512475","article_published_time":"2023-10-12T06:07:39+00:00","author":"Mario Silvestri","twitter_card":"summary_large_image","twitter_misc":{"Verfasst von":"Mario Silvestri"},"schema":{"@context":"https:\/\/schema.org","@graph":[{"@type":"Article","@id":"https:\/\/advocatesforanimals.ch\/advocate\/advocate\/allgemein\/my-odessa\/#article","isPartOf":{"@id":"https:\/\/advocatesforanimals.ch\/advocate\/advocate\/allgemein\/my-odessa\/"},"author":{"name":"Mario Silvestri","@id":"https:\/\/advocatesforanimals.ch\/advocate\/#\/schema\/person\/649061ffc075b9e5a4940f7a0bc450ee"},"headline":"My Odessa.","datePublished":"2023-10-12T06:07:39+00:00","mainEntityOfPage":{"@id":"https:\/\/advocatesforanimals.ch\/advocate\/advocate\/allgemein\/my-odessa\/"},"wordCount":2,"commentCount":0,"publisher":{"@id":"https:\/\/advocatesforanimals.ch\/advocate\/#organization"},"keywords":["My Odessa."],"inLanguage":"de","potentialAction":[{"@type":"CommentAction","name":"Comment","target":["https:\/\/advocatesforanimals.ch\/advocate\/advocate\/allgemein\/my-odessa\/#respond"]}]},{"@type":"WebPage","@id":"https:\/\/advocatesforanimals.ch\/advocate\/advocate\/allgemein\/my-odessa\/","url":"https:\/\/advocatesforanimals.ch\/advocate\/advocate\/allgemein\/my-odessa\/","name":"My Odessa. &#8226; A4A Advocates","isPartOf":{"@id":"https:\/\/advocatesforanimals.ch\/advocate\/#website"},"datePublished":"2023-10-12T06:07:39+00:00","description":"F\u00fcr alle, die sich mit uns f\u00fcr die Rechte der Tiere einsetzen wollen und f\u00fcr alle, die ihr Leben auf vegan umstellen wollen.","inLanguage":"de","potentialAction":[{"@type":"ReadAction","target":["https:\/\/advocatesforanimals.ch\/advocate\/advocate\/allgemein\/my-odessa\/"]}]},{"@type":"WebSite","@id":"https:\/\/advocatesforanimals.ch\/advocate\/#website","url":"https:\/\/advocatesforanimals.ch\/advocate\/","name":"A4A Advocates","description":"","publisher":{"@id":"https:\/\/advocatesforanimals.ch\/advocate\/#organization"},"potentialAction":[{"@type":"SearchAction","target":{"@type":"EntryPoint","urlTemplate":"https:\/\/advocatesforanimals.ch\/advocate\/?s={search_term_string}"},"query-input":{"@type":"PropertyValueSpecification","valueRequired":true,"valueName":"search_term_string"}}],"inLanguage":"de"},{"@type":"Organization","@id":"https:\/\/advocatesforanimals.ch\/advocate\/#organization","name":"ADVOCATES FOR ANIMALS","url":"https:\/\/advocatesforanimals.ch\/advocate\/","logo":{"@type":"ImageObject","inLanguage":"de","@id":"https:\/\/advocatesforanimals.ch\/advocate\/#\/schema\/logo\/image\/","url":"https:\/\/advocatesforanimals.ch\/advocate\/wp-content\/uploads\/sites\/3\/2020\/08\/Visitenkarte-Vorderseite-1.jpg","contentUrl":"https:\/\/advocatesforanimals.ch\/advocate\/wp-content\/uploads\/sites\/3\/2020\/08\/Visitenkarte-Vorderseite-1.jpg","width":1004,"height":650,"caption":"ADVOCATES FOR ANIMALS"},"image":{"@id":"https:\/\/advocatesforanimals.ch\/advocate\/#\/schema\/logo\/image\/"},"sameAs":["https:\/\/www.facebook.com\/A4A-Advocates-for-Animals-112402250512475","https:\/\/www.instagram.com\/a4a_advocates_for_animals\/"]},{"@type":"Person","@id":"https:\/\/advocatesforanimals.ch\/advocate\/#\/schema\/person\/649061ffc075b9e5a4940f7a0bc450ee","name":"Mario Silvestri","image":{"@type":"ImageObject","inLanguage":"de","@id":"https:\/\/secure.gravatar.com\/avatar\/58c72abb46d262a4846f578af34039b612efe33ce0c688c4030d3718504ab44c?s=96&d=mm&r=g","url":"https:\/\/secure.gravatar.com\/avatar\/58c72abb46d262a4846f578af34039b612efe33ce0c688c4030d3718504ab44c?s=96&d=mm&r=g","contentUrl":"https:\/\/secure.gravatar.com\/avatar\/58c72abb46d262a4846f578af34039b612efe33ce0c688c4030d3718504ab44c?s=96&d=mm&r=g","caption":"Mario Silvestri"},"sameAs":["https:\/\/advocatesforanimals.ch"]}]}},"jetpack_featured_media_url":"","jetpack_sharing_enabled":true,"_links":{"self":[{"href":"https:\/\/advocatesforanimals.ch\/advocate\/wp-json\/wp\/v2\/posts\/1319","targetHints":{"allow":["GET"]}}],"collection":[{"href":"https:\/\/advocatesforanimals.ch\/advocate\/wp-json\/wp\/v2\/posts"}],"about":[{"href":"https:\/\/advocatesforanimals.ch\/advocate\/wp-json\/wp\/v2\/types\/post"}],"author":[{"embeddable":true,"href":"https:\/\/advocatesforanimals.ch\/advocate\/wp-json\/wp\/v2\/users\/1"}],"replies":[{"embeddable":true,"href":"https:\/\/advocatesforanimals.ch\/advocate\/wp-json\/wp\/v2\/comments?post=1319"}],"version-history":[{"count":0,"href":"https:\/\/advocatesforanimals.ch\/advocate\/wp-json\/wp\/v2\/posts\/1319\/revisions"}],"wp:attachment":[{"href":"https:\/\/advocatesforanimals.ch\/advocate\/wp-json\/wp\/v2\/media?parent=1319"}],"wp:term":[{"taxonomy":"category","embeddable":true,"href":"https:\/\/advocatesforanimals.ch\/advocate\/wp-json\/wp\/v2\/categories?post=1319"},{"taxonomy":"post_tag","embeddable":true,"href":"https:\/\/advocatesforanimals.ch\/advocate\/wp-json\/wp\/v2\/tags?post=1319"}],"curies":[{"name":"wp","href":"https:\/\/api.w.org\/{rel}","templated":true}]}}